{"id":5672,"date":"2026-03-10T12:36:00","date_gmt":"2026-03-10T11:36:00","guid":{"rendered":"https:\/\/garraldakozonaldea.educacion.navarra.es\/portal1\/?p=5672"},"modified":"2026-03-13T12:45:08","modified_gmt":"2026-03-13T11:45:08","slug":"orientazio-akademikoa-irteera","status":"publish","type":"post","link":"https:\/\/garraldakozonaldea.educacion.navarra.es\/portal1\/es\/blog\/2026\/03\/10\/orientazio-akademikoa-irteera\/","title":{"rendered":"Excursi\u00f3n orientaci\u00f3n acad\u00e9mica"},"content":{"rendered":"\n<p>Aurreko ostiralean, DBH3-4ko ikasleekin Irunberrira joan ginen bertako batxilergoa eta lanbide heziketa eskaintza ikustera. Modu honetan, gure ikasleek aurrez aurre ikusi zuten, ikasketa hauek egiten ari diren ikasleen egunerokotasuna.<\/p>\n\n\n\n<figure class=\"wp-block-gallery has-nested-images columns-default is-cropped\">\n<figure class=\"wp-block-image size-large\"><a href=\"https:\/\/garraldakozonaldea.educacion.navarra.es\/portal1\/wp-content\/uploads\/2026\/03\/IMG_4526-Orreagako-Ama-HLHIP-Garralda-DBHI.jpeg\"><img loading=\"lazy\" width=\"1024\" height=\"768\" data-id=\"5677\"  src=\"https:\/\/garraldakozonaldea.educacion.navarra.es\/portal1\/wp-content\/uploads\/2026\/03\/IMG_4526-Orreagako-Ama-HLHIP-Garralda-DBHI-1024x768.jpeg\" alt=\"\" class=\"wp-image-5677\" srcset=\"https:\/\/garraldakozonaldea.educacion.navarra.es\/portal1\/wp-content\/uploads\/2026\/03\/IMG_4526-Orreagako-Ama-HLHIP-Garralda-DBHI-1024x768.jpeg 1024w, https:\/\/garraldakozonaldea.educacion.navarra.es\/portal1\/wp-content\/uploads\/2026\/03\/IMG_4526-Orreagako-Ama-HLHIP-Garralda-DBHI-300x225.jpeg 300w, https:\/\/garraldakozonaldea.educacion.navarra.es\/portal1\/wp-content\/uploads\/2026\/03\/IMG_4526-Orreagako-Ama-HLHIP-Garralda-DBHI-768x576.jpeg 768w, https:\/\/garraldakozonaldea.educacion.navarra.es\/portal1\/wp-content\/uploads\/2026\/03\/IMG_4526-Orreagako-Ama-HLHIP-Garralda-DBHI-1536x1152.jpeg 1536w, https:\/\/garraldakozonaldea.educacion.navarra.es\/portal1\/wp-content\/uploads\/2026\/03\/IMG_4526-Orreagako-Ama-HLHIP-Garralda-DBHI.jpeg 2016w\" sizes=\"(max-width: 1024px) 100vw, 1024px\" \/><\/a><\/figure>\n\n\n\n<figure class=\"wp-block-image size-large\"><a href=\"https:\/\/garraldakozonaldea.educacion.navarra.es\/portal1\/wp-content\/uploads\/2026\/03\/IMG_4528-Orreagako-Ama-HLHIP-Garralda-DBHI.jpeg\"><img loading=\"lazy\" width=\"1024\" height=\"768\" data-id=\"5674\"  src=\"https:\/\/garraldakozonaldea.educacion.navarra.es\/portal1\/wp-content\/uploads\/2026\/03\/IMG_4528-Orreagako-Ama-HLHIP-Garralda-DBHI-1024x768.jpeg\" alt=\"\" class=\"wp-image-5674\" srcset=\"https:\/\/garraldakozonaldea.educacion.navarra.es\/portal1\/wp-content\/uploads\/2026\/03\/IMG_4528-Orreagako-Ama-HLHIP-Garralda-DBHI-1024x768.jpeg 1024w, https:\/\/garraldakozonaldea.educacion.navarra.es\/portal1\/wp-content\/uploads\/2026\/03\/IMG_4528-Orreagako-Ama-HLHIP-Garralda-DBHI-300x225.jpeg 300w, https:\/\/garraldakozonaldea.educacion.navarra.es\/portal1\/wp-content\/uploads\/2026\/03\/IMG_4528-Orreagako-Ama-HLHIP-Garralda-DBHI-768x576.jpeg 768w, https:\/\/garraldakozonaldea.educacion.navarra.es\/portal1\/wp-content\/uploads\/2026\/03\/IMG_4528-Orreagako-Ama-HLHIP-Garralda-DBHI-1536x1152.jpeg 1536w, https:\/\/garraldakozonaldea.educacion.navarra.es\/portal1\/wp-content\/uploads\/2026\/03\/IMG_4528-Orreagako-Ama-HLHIP-Garralda-DBHI.jpeg 1935w\" sizes=\"(max-width: 1024px) 100vw, 1024px\" \/><\/a><\/figure>\n\n\n\n<figure class=\"wp-block-image size-large\"><a href=\"https:\/\/garraldakozonaldea.educacion.navarra.es\/portal1\/wp-content\/uploads\/2026\/03\/IMG_4530-Orreagako-Ama-HLHIP-Garralda-DBHI.jpeg\"><img loading=\"lazy\" width=\"1024\" height=\"768\" data-id=\"5673\"  src=\"https:\/\/garraldakozonaldea.educacion.navarra.es\/portal1\/wp-content\/uploads\/2026\/03\/IMG_4530-Orreagako-Ama-HLHIP-Garralda-DBHI-1024x768.jpeg\" alt=\"\" class=\"wp-image-5673\" srcset=\"https:\/\/garraldakozonaldea.educacion.navarra.es\/portal1\/wp-content\/uploads\/2026\/03\/IMG_4530-Orreagako-Ama-HLHIP-Garralda-DBHI-1024x768.jpeg 1024w, https:\/\/garraldakozonaldea.educacion.navarra.es\/portal1\/wp-content\/uploads\/2026\/03\/IMG_4530-Orreagako-Ama-HLHIP-Garralda-DBHI-300x225.jpeg 300w, https:\/\/garraldakozonaldea.educacion.navarra.es\/portal1\/wp-content\/uploads\/2026\/03\/IMG_4530-Orreagako-Ama-HLHIP-Garralda-DBHI-768x576.jpeg 768w, https:\/\/garraldakozonaldea.educacion.navarra.es\/portal1\/wp-content\/uploads\/2026\/03\/IMG_4530-Orreagako-Ama-HLHIP-Garralda-DBHI-1536x1152.jpeg 1536w, https:\/\/garraldakozonaldea.educacion.navarra.es\/portal1\/wp-content\/uploads\/2026\/03\/IMG_4530-Orreagako-Ama-HLHIP-Garralda-DBHI.jpeg 1814w\" sizes=\"(max-width: 1024px) 100vw, 1024px\" \/><\/a><\/figure>\n<figcaption class=\"blocks-gallery-caption\">Alumnado de Garralda en el instituto de Lumbier<\/figcaption><\/figure>\n","protected":false},"excerpt":{"rendered":"<p>Aurreko ostiralean, DBH3-4ko ikasleekin Irunberrira joan ginen bertako batxilergoa eta lanbide heziketa eskaintza ikustera. Modu honetan, gure ikasleek aurrez aurre ikusi zuten, ikasketa hauek egiten ari diren ikasleen egunerokotasuna.<\/p>\n","protected":false},"author":1,"featured_media":5679,"comment_status":"closed","ping_status":"closed","sticky":false,"template":"","format":"standard","meta":{"_genesis_hide_title":false,"_genesis_hide_breadcrumbs":false,"_genesis_hide_singular_image":false,"_genesis_hide_footer_widgets":false,"_genesis_custom_body_class":"","_genesis_custom_post_class":"","_genesis_layout":"","_links_to":"","_links_to_target":""},"categories":[],"tags":[],"featured_image_src":"https:\/\/garraldakozonaldea.educacion.navarra.es\/portal1\/wp-content\/uploads\/2026\/03\/logoCIP3-1-600x400.jpg","featured_image_src_square":"https:\/\/garraldakozonaldea.educacion.navarra.es\/portal1\/wp-content\/uploads\/2026\/03\/logoCIP3-1-600x600.jpg","author_info":{"display_name":"Administrador","author_link":"https:\/\/garraldakozonaldea.educacion.navarra.es\/portal1\/es\/blog\/author\/admingarraldawp\/"},"_links":{"self":[{"href":"https:\/\/garraldakozonaldea.educacion.navarra.es\/portal1\/es\/wp-json\/wp\/v2\/posts\/5672"}],"collection":[{"href":"https:\/\/garraldakozonaldea.educacion.navarra.es\/portal1\/es\/wp-json\/wp\/v2\/posts"}],"about":[{"href":"https:\/\/garraldakozonaldea.educacion.navarra.es\/portal1\/es\/wp-json\/wp\/v2\/types\/post"}],"author":[{"embeddable":true,"href":"https:\/\/garraldakozonaldea.educacion.navarra.es\/portal1\/es\/wp-json\/wp\/v2\/users\/1"}],"replies":[{"embeddable":true,"href":"https:\/\/garraldakozonaldea.educacion.navarra.es\/portal1\/es\/wp-json\/wp\/v2\/comments?post=5672"}],"version-history":[{"count":2,"href":"https:\/\/garraldakozonaldea.educacion.navarra.es\/portal1\/es\/wp-json\/wp\/v2\/posts\/5672\/revisions"}],"predecessor-version":[{"id":5685,"href":"https:\/\/garraldakozonaldea.educacion.navarra.es\/portal1\/es\/wp-json\/wp\/v2\/posts\/5672\/revisions\/5685"}],"wp:featuredmedia":[{"embeddable":true,"href":"https:\/\/garraldakozonaldea.educacion.navarra.es\/portal1\/es\/wp-json\/wp\/v2\/media\/5679"}],"wp:attachment":[{"href":"https:\/\/garraldakozonaldea.educacion.navarra.es\/portal1\/es\/wp-json\/wp\/v2\/media?parent=5672"}],"wp:term":[{"taxonomy":"category","embeddable":true,"href":"https:\/\/garraldakozonaldea.educacion.navarra.es\/portal1\/es\/wp-json\/wp\/v2\/categories?post=5672"},{"taxonomy":"post_tag","embeddable":true,"href":"https:\/\/garraldakozonaldea.educacion.navarra.es\/portal1\/es\/wp-json\/wp\/v2\/tags?post=5672"}],"curies":[{"name":"wp","href":"https:\/\/api.w.org\/{rel}","templated":true}]}}