{"id":5660,"date":"2026-03-02T13:39:29","date_gmt":"2026-03-02T12:39:29","guid":{"rendered":"https:\/\/garraldakozonaldea.educacion.navarra.es\/portal1\/blog\/2026\/03\/02\/prematricula-curso-2026-27\/"},"modified":"2026-03-02T13:39:29","modified_gmt":"2026-03-02T12:39:29","slug":"prematricula-curso-2026-27","status":"publish","type":"post","link":"https:\/\/garraldakozonaldea.educacion.navarra.es\/portal1\/es\/blog\/2026\/03\/02\/prematricula-curso-2026-27\/","title":{"rendered":"Prematr\u00edcula curso 2026-27"},"content":{"rendered":"\n<p>El plazo para realizar la prematr\u00edcula para el curso 2026-27 ser\u00e1 del 9 al 13 de marzo. Para m\u00e1s informaci\u00f3n escribir al correo cpgarral@educacion.navarra.es o llamar al 948 764401.<\/p>\n","protected":false},"excerpt":{"rendered":"<p>El plazo para realizar la prematr\u00edcula para el curso 2026-27 ser\u00e1 del 9 al 13 de marzo. Para m\u00e1s informaci\u00f3n escribir al correo cpgarral@educacion.navarra.es o llamar al 948 764401.<\/p>\n","protected":false},"author":1,"featured_media":4220,"comment_status":"closed","ping_status":"closed","sticky":false,"template":"","format":"standard","meta":{"_genesis_hide_title":false,"_genesis_hide_breadcrumbs":false,"_genesis_hide_singular_image":false,"_genesis_hide_footer_widgets":false,"_genesis_custom_body_class":"","_genesis_custom_post_class":"","_genesis_layout":"","_links_to":"","_links_to_target":""},"categories":[29],"tags":[],"featured_image_src":"https:\/\/garraldakozonaldea.educacion.navarra.es\/portal1\/wp-content\/uploads\/2023\/05\/cropped-LOGO-berria-512x400.jpg","featured_image_src_square":"https:\/\/garraldakozonaldea.educacion.navarra.es\/portal1\/wp-content\/uploads\/2023\/05\/cropped-LOGO-berria.jpg","author_info":{"display_name":"Administrador","author_link":"https:\/\/garraldakozonaldea.educacion.navarra.es\/portal1\/es\/blog\/author\/admingarraldawp\/"},"_links":{"self":[{"href":"https:\/\/garraldakozonaldea.educacion.navarra.es\/portal1\/es\/wp-json\/wp\/v2\/posts\/5660"}],"collection":[{"href":"https:\/\/garraldakozonaldea.educacion.navarra.es\/portal1\/es\/wp-json\/wp\/v2\/posts"}],"about":[{"href":"https:\/\/garraldakozonaldea.educacion.navarra.es\/portal1\/es\/wp-json\/wp\/v2\/types\/post"}],"author":[{"embeddable":true,"href":"https:\/\/garraldakozonaldea.educacion.navarra.es\/portal1\/es\/wp-json\/wp\/v2\/users\/1"}],"replies":[{"embeddable":true,"href":"https:\/\/garraldakozonaldea.educacion.navarra.es\/portal1\/es\/wp-json\/wp\/v2\/comments?post=5660"}],"version-history":[{"count":1,"href":"https:\/\/garraldakozonaldea.educacion.navarra.es\/portal1\/es\/wp-json\/wp\/v2\/posts\/5660\/revisions"}],"predecessor-version":[{"id":5661,"href":"https:\/\/garraldakozonaldea.educacion.navarra.es\/portal1\/es\/wp-json\/wp\/v2\/posts\/5660\/revisions\/5661"}],"wp:featuredmedia":[{"embeddable":true,"href":"https:\/\/garraldakozonaldea.educacion.navarra.es\/portal1\/es\/wp-json\/wp\/v2\/media\/4220"}],"wp:attachment":[{"href":"https:\/\/garraldakozonaldea.educacion.navarra.es\/portal1\/es\/wp-json\/wp\/v2\/media?parent=5660"}],"wp:term":[{"taxonomy":"category","embeddable":true,"href":"https:\/\/garraldakozonaldea.educacion.navarra.es\/portal1\/es\/wp-json\/wp\/v2\/categories?post=5660"},{"taxonomy":"post_tag","embeddable":true,"href":"https:\/\/garraldakozonaldea.educacion.navarra.es\/portal1\/es\/wp-json\/wp\/v2\/tags?post=5660"}],"curies":[{"name":"wp","href":"https:\/\/api.w.org\/{rel}","templated":true}]}}