{"id":5644,"date":"2026-01-30T12:21:09","date_gmt":"2026-01-30T11:21:09","guid":{"rendered":"https:\/\/garraldakozonaldea.educacion.navarra.es\/portal1\/blog\/2026\/02\/27\/geo-eguna\/"},"modified":"2026-02-27T12:21:29","modified_gmt":"2026-02-27T11:21:29","slug":"geo-eguna","status":"publish","type":"post","link":"https:\/\/garraldakozonaldea.educacion.navarra.es\/portal1\/es\/blog\/2026\/01\/30\/geo-eguna\/","title":{"rendered":"GEO EGUNA"},"content":{"rendered":"\n<p>En  4\u00ba de ESO hemos estado estudiando la geolog\u00eda de nuestro entorno en la asignatura de Bio-Geo y para finalizar el tema, hemos organizado una exposici\u00f3n para explicar al alumnado de LH c\u00f3mo se crearon las cordilleras y en especial, los Pirineos.<\/p>\n\n<figure class=\"wp-block-embed is-type-rich is-provider-flickr wp-block-embed-flickr\"><div class=\"wp-block-embed__wrapper\">\r\n<a data-flickr-embed='true' href='https:\/\/www.flickr.com\/photos\/194770072@N05\/albums\/72177720332239591\/' title='Geo eguna 2026 by cpgarral-web, on Flickr'><img src='https:\/\/live.staticflickr.com\/65535\/55118906788_61d9736551.jpg' width='800' height='600' alt='IMG_20260130_104016 - Ivan Gomez Urtasun'><\/a><script async src='https:\/\/embedr.flickr.com\/assets\/client-code.js' charset='utf-8'><\/script>\r\n<\/div><\/figure><br>\n\n<figure class=\"wp-block-gallery has-nested-images columns-default is-cropped\">\n<figure class=\"wp-block-image\"><img alt=\"\"\/><\/figure>\n\n\n<figure class=\"wp-block-image\"><img alt=\"\"\/><\/figure>\n\n\n<figure class=\"wp-block-image\"><img alt=\"\"\/><\/figure>\n\n\n<figure class=\"wp-block-image\"><img alt=\"\"\/><\/figure>\n\n\n<figure class=\"wp-block-image\"><img alt=\"\"\/><\/figure><\/figure>\n","protected":false},"excerpt":{"rendered":"<p>En 4\u00ba de ESO hemos estado estudiando la geolog\u00eda de nuestro entorno en la asignatura de Bio-Geo y para finalizar el tema, hemos organizado una exposici\u00f3n para explicar al alumnado de LH c\u00f3mo se crearon las cordilleras y en especial, los Pirineos.<\/p>\n","protected":false},"author":1,"featured_media":5643,"comment_status":"closed","ping_status":"closed","sticky":false,"template":"","format":"standard","meta":{"_genesis_hide_title":false,"_genesis_hide_breadcrumbs":false,"_genesis_hide_singular_image":false,"_genesis_hide_footer_widgets":false,"_genesis_custom_body_class":"","_genesis_custom_post_class":"","_genesis_layout":"","_links_to":"","_links_to_target":""},"categories":[29],"tags":[],"featured_image_src":"https:\/\/garraldakozonaldea.educacion.navarra.es\/portal1\/wp-content\/uploads\/2026\/01\/1771194373972-Ivan-Gomez-Urtasun-600x400.jpg","featured_image_src_square":"https:\/\/garraldakozonaldea.educacion.navarra.es\/portal1\/wp-content\/uploads\/2026\/01\/1771194373972-Ivan-Gomez-Urtasun-600x600.jpg","author_info":{"display_name":"Administrador","author_link":"https:\/\/garraldakozonaldea.educacion.navarra.es\/portal1\/es\/blog\/author\/admingarraldawp\/"},"_links":{"self":[{"href":"https:\/\/garraldakozonaldea.educacion.navarra.es\/portal1\/es\/wp-json\/wp\/v2\/posts\/5644"}],"collection":[{"href":"https:\/\/garraldakozonaldea.educacion.navarra.es\/portal1\/es\/wp-json\/wp\/v2\/posts"}],"about":[{"href":"https:\/\/garraldakozonaldea.educacion.navarra.es\/portal1\/es\/wp-json\/wp\/v2\/types\/post"}],"author":[{"embeddable":true,"href":"https:\/\/garraldakozonaldea.educacion.navarra.es\/portal1\/es\/wp-json\/wp\/v2\/users\/1"}],"replies":[{"embeddable":true,"href":"https:\/\/garraldakozonaldea.educacion.navarra.es\/portal1\/es\/wp-json\/wp\/v2\/comments?post=5644"}],"version-history":[{"count":1,"href":"https:\/\/garraldakozonaldea.educacion.navarra.es\/portal1\/es\/wp-json\/wp\/v2\/posts\/5644\/revisions"}],"predecessor-version":[{"id":5645,"href":"https:\/\/garraldakozonaldea.educacion.navarra.es\/portal1\/es\/wp-json\/wp\/v2\/posts\/5644\/revisions\/5645"}],"wp:featuredmedia":[{"embeddable":true,"href":"https:\/\/garraldakozonaldea.educacion.navarra.es\/portal1\/es\/wp-json\/wp\/v2\/media\/5643"}],"wp:attachment":[{"href":"https:\/\/garraldakozonaldea.educacion.navarra.es\/portal1\/es\/wp-json\/wp\/v2\/media?parent=5644"}],"wp:term":[{"taxonomy":"category","embeddable":true,"href":"https:\/\/garraldakozonaldea.educacion.navarra.es\/portal1\/es\/wp-json\/wp\/v2\/categories?post=5644"},{"taxonomy":"post_tag","embeddable":true,"href":"https:\/\/garraldakozonaldea.educacion.navarra.es\/portal1\/es\/wp-json\/wp\/v2\/tags?post=5644"}],"curies":[{"name":"wp","href":"https:\/\/api.w.org\/{rel}","templated":true}]}}