{"id":5563,"date":"2026-01-16T12:40:35","date_gmt":"2026-01-16T11:40:35","guid":{"rendered":"https:\/\/garraldakozonaldea.educacion.navarra.es\/portal1\/blog\/2026\/01\/16\/fiesta-de-invierno-3\/"},"modified":"2026-01-16T12:40:35","modified_gmt":"2026-01-16T11:40:35","slug":"fiesta-de-invierno-3","status":"publish","type":"post","link":"https:\/\/garraldakozonaldea.educacion.navarra.es\/portal1\/es\/blog\/2026\/01\/16\/fiesta-de-invierno-3\/","title":{"rendered":"FIESTA DE INVIERNO"},"content":{"rendered":"\n<p>El 19 de diciembre de 2025 celebramos la Fiesta de Invierno en la escuela. <\/p>\n\n<p>Vinimos a las 9:00 de la ma\u00f1ana vestidos\/as de caseros\/as e hicimos unos talleres: just dance, euskal dantzak, pintura de caras y manualidades. A continuaci\u00f3n, a las 11:15 comimos el almuerzo y tambi\u00e9n casta\u00f1as asadas, \u00a1Estaban riqu\u00edsimas! Despu\u00e9s nos acercamos a ver la llegada de Olentzero y Mari Domingi y les cantamos algunas canciones. En kalejira, acompa\u00f1ados de la m\u00fasica, fuimos hasta el Errota, cada grupo interpret\u00f3 la canci\u00f3n elegida para el acto, incluido el profesorado, y se termino con un sorteo de diversos premios organizado por el alumnado de secundaria, \u00a1Felicidades a los premiados!<\/p>\n\n<p>Para terminar, volvimos en kalejira a la escuela y pusimos el broche final con un lunch para familias y profesorado. Much\u00edsimas gracias a todas las personas que se acercaron y a todos los voluntarios que pusieron de su parte para hacer de este d\u00eda un d\u00eda inolvidable.<\/p>\n\n<figure class=\"wp-block-gallery has-nested-images columns-default is-cropped\">\n<figure class=\"wp-block-image size-large\"><a href=\"https:\/\/garraldakozonaldea.educacion.navarra.es\/portal1\/wp-content\/uploads\/2026\/01\/PXL_20251219_092255874-Unai-Arevalo-Corredera-1024x576.jpg\"><img loading=\"lazy\" width=\"1024\" height=\"576\" data-id=\"5553\"  src=\"https:\/\/garraldakozonaldea.educacion.navarra.es\/portal1\/wp-content\/uploads\/2026\/01\/PXL_20251219_092255874-Unai-Arevalo-Corredera-1024x576.jpg\" alt=\"\" class=\"wp-image-5553\" srcset=\"https:\/\/garraldakozonaldea.educacion.navarra.es\/portal1\/wp-content\/uploads\/2026\/01\/PXL_20251219_092255874-Unai-Arevalo-Corredera-1024x576.jpg 1024w, https:\/\/garraldakozonaldea.educacion.navarra.es\/portal1\/wp-content\/uploads\/2026\/01\/PXL_20251219_092255874-Unai-Arevalo-Corredera-300x169.jpg 300w, https:\/\/garraldakozonaldea.educacion.navarra.es\/portal1\/wp-content\/uploads\/2026\/01\/PXL_20251219_092255874-Unai-Arevalo-Corredera-768x432.jpg 768w, https:\/\/garraldakozonaldea.educacion.navarra.es\/portal1\/wp-content\/uploads\/2026\/01\/PXL_20251219_092255874-Unai-Arevalo-Corredera-1536x864.jpg 1536w, https:\/\/garraldakozonaldea.educacion.navarra.es\/portal1\/wp-content\/uploads\/2026\/01\/PXL_20251219_092255874-Unai-Arevalo-Corredera.jpg 2016w\" sizes=\"(max-width: 1024px) 100vw, 1024px\" \/><\/a><\/figure>\n\n\n<figure class=\"wp-block-image size-large\"><a href=\"https:\/\/garraldakozonaldea.educacion.navarra.es\/portal1\/wp-content\/uploads\/2026\/01\/IMG_20251219_145934-Unai-Arevalo-Corredera-1024x768.jpg\"><img loading=\"lazy\" width=\"1024\" height=\"768\" data-id=\"5545\"  src=\"https:\/\/garraldakozonaldea.educacion.navarra.es\/portal1\/wp-content\/uploads\/2026\/01\/IMG_20251219_145934-Unai-Arevalo-Corredera-1024x768.jpg\" alt=\"\" class=\"wp-image-5545\" srcset=\"https:\/\/garraldakozonaldea.educacion.navarra.es\/portal1\/wp-content\/uploads\/2026\/01\/IMG_20251219_145934-Unai-Arevalo-Corredera-1024x768.jpg 1024w, https:\/\/garraldakozonaldea.educacion.navarra.es\/portal1\/wp-content\/uploads\/2026\/01\/IMG_20251219_145934-Unai-Arevalo-Corredera-300x225.jpg 300w, https:\/\/garraldakozonaldea.educacion.navarra.es\/portal1\/wp-content\/uploads\/2026\/01\/IMG_20251219_145934-Unai-Arevalo-Corredera-768x576.jpg 768w, https:\/\/garraldakozonaldea.educacion.navarra.es\/portal1\/wp-content\/uploads\/2026\/01\/IMG_20251219_145934-Unai-Arevalo-Corredera.jpg 1200w\" sizes=\"(max-width: 1024px) 100vw, 1024px\" \/><\/a><\/figure>\n\n\n<figure class=\"wp-block-image size-large\"><a href=\"https:\/\/garraldakozonaldea.educacion.navarra.es\/portal1\/wp-content\/uploads\/2026\/01\/IMG_20251219_143606-Unai-Arevalo-Corredera-1024x768.jpg\"><img loading=\"lazy\" width=\"1024\" height=\"768\" data-id=\"5549\"  src=\"https:\/\/garraldakozonaldea.educacion.navarra.es\/portal1\/wp-content\/uploads\/2026\/01\/IMG_20251219_143606-Unai-Arevalo-Corredera-1024x768.jpg\" alt=\"\" class=\"wp-image-5549\" srcset=\"https:\/\/garraldakozonaldea.educacion.navarra.es\/portal1\/wp-content\/uploads\/2026\/01\/IMG_20251219_143606-Unai-Arevalo-Corredera-1024x768.jpg 1024w, https:\/\/garraldakozonaldea.educacion.navarra.es\/portal1\/wp-content\/uploads\/2026\/01\/IMG_20251219_143606-Unai-Arevalo-Corredera-300x225.jpg 300w, https:\/\/garraldakozonaldea.educacion.navarra.es\/portal1\/wp-content\/uploads\/2026\/01\/IMG_20251219_143606-Unai-Arevalo-Corredera-768x576.jpg 768w, https:\/\/garraldakozonaldea.educacion.navarra.es\/portal1\/wp-content\/uploads\/2026\/01\/IMG_20251219_143606-Unai-Arevalo-Corredera.jpg 1500w\" sizes=\"(max-width: 1024px) 100vw, 1024px\" \/><\/a><\/figure>\n\n\n<figure class=\"wp-block-image size-large\"><a href=\"https:\/\/garraldakozonaldea.educacion.navarra.es\/portal1\/wp-content\/uploads\/2026\/01\/PXL_20251219_092424792-Unai-Arevalo-Corredera-scaled.jpg\"><img loading=\"lazy\" width=\"1024\" height=\"576\" data-id=\"5552\"  src=\"https:\/\/garraldakozonaldea.educacion.navarra.es\/portal1\/wp-content\/uploads\/2026\/01\/PXL_20251219_092424792-Unai-Arevalo-Corredera-1024x576.jpg\" alt=\"\" class=\"wp-image-5552\" srcset=\"https:\/\/garraldakozonaldea.educacion.navarra.es\/portal1\/wp-content\/uploads\/2026\/01\/PXL_20251219_092424792-Unai-Arevalo-Corredera-1024x576.jpg 1024w, https:\/\/garraldakozonaldea.educacion.navarra.es\/portal1\/wp-content\/uploads\/2026\/01\/PXL_20251219_092424792-Unai-Arevalo-Corredera-300x169.jpg 300w, https:\/\/garraldakozonaldea.educacion.navarra.es\/portal1\/wp-content\/uploads\/2026\/01\/PXL_20251219_092424792-Unai-Arevalo-Corredera-768x432.jpg 768w, https:\/\/garraldakozonaldea.educacion.navarra.es\/portal1\/wp-content\/uploads\/2026\/01\/PXL_20251219_092424792-Unai-Arevalo-Corredera-1536x864.jpg 1536w, https:\/\/garraldakozonaldea.educacion.navarra.es\/portal1\/wp-content\/uploads\/2026\/01\/PXL_20251219_092424792-Unai-Arevalo-Corredera-2048x1152.jpg 2048w\" sizes=\"(max-width: 1024px) 100vw, 1024px\" \/><\/a><\/figure>\n\n\n<figure class=\"wp-block-image size-large\"><a href=\"https:\/\/garraldakozonaldea.educacion.navarra.es\/portal1\/wp-content\/uploads\/2026\/01\/WhatsApp-Image-2026-01-09-at-09.34.25-3-Unai-Arevalo-Corredera-1024x771.jpeg\"><img loading=\"lazy\" width=\"1024\" height=\"771\" data-id=\"5558\"  src=\"https:\/\/garraldakozonaldea.educacion.navarra.es\/portal1\/wp-content\/uploads\/2026\/01\/WhatsApp-Image-2026-01-09-at-09.34.25-3-Unai-Arevalo-Corredera-1024x771.jpeg\" alt=\"\" class=\"wp-image-5558\" srcset=\"https:\/\/garraldakozonaldea.educacion.navarra.es\/portal1\/wp-content\/uploads\/2026\/01\/WhatsApp-Image-2026-01-09-at-09.34.25-3-Unai-Arevalo-Corredera-1024x771.jpeg 1024w, https:\/\/garraldakozonaldea.educacion.navarra.es\/portal1\/wp-content\/uploads\/2026\/01\/WhatsApp-Image-2026-01-09-at-09.34.25-3-Unai-Arevalo-Corredera-300x226.jpeg 300w, https:\/\/garraldakozonaldea.educacion.navarra.es\/portal1\/wp-content\/uploads\/2026\/01\/WhatsApp-Image-2026-01-09-at-09.34.25-3-Unai-Arevalo-Corredera-768x578.jpeg 768w, https:\/\/garraldakozonaldea.educacion.navarra.es\/portal1\/wp-content\/uploads\/2026\/01\/WhatsApp-Image-2026-01-09-at-09.34.25-3-Unai-Arevalo-Corredera-1536x1157.jpeg 1536w, https:\/\/garraldakozonaldea.educacion.navarra.es\/portal1\/wp-content\/uploads\/2026\/01\/WhatsApp-Image-2026-01-09-at-09.34.25-3-Unai-Arevalo-Corredera.jpeg 2040w\" sizes=\"(max-width: 1024px) 100vw, 1024px\" \/><\/a><\/figure>\n\n\n<figure class=\"wp-block-image size-large\"><a href=\"https:\/\/garraldakozonaldea.educacion.navarra.es\/portal1\/wp-content\/uploads\/2026\/01\/Copia-de-IMG_1270-Unai-Arevalo-Corredera-1024x768.jpg\"><img loading=\"lazy\" width=\"1024\" height=\"768\" data-id=\"5546\"  src=\"https:\/\/garraldakozonaldea.educacion.navarra.es\/portal1\/wp-content\/uploads\/2026\/01\/Copia-de-IMG_1270-Unai-Arevalo-Corredera-1024x768.jpg\" alt=\"\" class=\"wp-image-5546\" srcset=\"https:\/\/garraldakozonaldea.educacion.navarra.es\/portal1\/wp-content\/uploads\/2026\/01\/Copia-de-IMG_1270-Unai-Arevalo-Corredera-1024x768.jpg 1024w, https:\/\/garraldakozonaldea.educacion.navarra.es\/portal1\/wp-content\/uploads\/2026\/01\/Copia-de-IMG_1270-Unai-Arevalo-Corredera-300x225.jpg 300w, https:\/\/garraldakozonaldea.educacion.navarra.es\/portal1\/wp-content\/uploads\/2026\/01\/Copia-de-IMG_1270-Unai-Arevalo-Corredera-768x576.jpg 768w, https:\/\/garraldakozonaldea.educacion.navarra.es\/portal1\/wp-content\/uploads\/2026\/01\/Copia-de-IMG_1270-Unai-Arevalo-Corredera.jpg 1209w\" sizes=\"(max-width: 1024px) 100vw, 1024px\" \/><\/a><\/figure>\n\n\n<figure class=\"wp-block-image size-large\"><a href=\"https:\/\/garraldakozonaldea.educacion.navarra.es\/portal1\/wp-content\/uploads\/2026\/01\/WhatsApp-Image-2026-01-09-at-09.34.24-3-Unai-Arevalo-Corredera-1024x771.jpeg\"><img loading=\"lazy\" width=\"1024\" height=\"771\" data-id=\"5556\"  src=\"https:\/\/garraldakozonaldea.educacion.navarra.es\/portal1\/wp-content\/uploads\/2026\/01\/WhatsApp-Image-2026-01-09-at-09.34.24-3-Unai-Arevalo-Corredera-1024x771.jpeg\" alt=\"\" class=\"wp-image-5556\" srcset=\"https:\/\/garraldakozonaldea.educacion.navarra.es\/portal1\/wp-content\/uploads\/2026\/01\/WhatsApp-Image-2026-01-09-at-09.34.24-3-Unai-Arevalo-Corredera-1024x771.jpeg 1024w, https:\/\/garraldakozonaldea.educacion.navarra.es\/portal1\/wp-content\/uploads\/2026\/01\/WhatsApp-Image-2026-01-09-at-09.34.24-3-Unai-Arevalo-Corredera-300x226.jpeg 300w, https:\/\/garraldakozonaldea.educacion.navarra.es\/portal1\/wp-content\/uploads\/2026\/01\/WhatsApp-Image-2026-01-09-at-09.34.24-3-Unai-Arevalo-Corredera-768x578.jpeg 768w, https:\/\/garraldakozonaldea.educacion.navarra.es\/portal1\/wp-content\/uploads\/2026\/01\/WhatsApp-Image-2026-01-09-at-09.34.24-3-Unai-Arevalo-Corredera-1536x1157.jpeg 1536w, https:\/\/garraldakozonaldea.educacion.navarra.es\/portal1\/wp-content\/uploads\/2026\/01\/WhatsApp-Image-2026-01-09-at-09.34.24-3-Unai-Arevalo-Corredera.jpeg 2040w\" sizes=\"(max-width: 1024px) 100vw, 1024px\" \/><\/a><\/figure>\n\n\n<figure class=\"wp-block-image size-large\"><a href=\"https:\/\/garraldakozonaldea.educacion.navarra.es\/portal1\/wp-content\/uploads\/2026\/01\/PXL_20251219_113903242-Unai-Arevalo-Corredera-scaled.jpg\"><img loading=\"lazy\" width=\"1024\" height=\"576\" data-id=\"5550\"  src=\"https:\/\/garraldakozonaldea.educacion.navarra.es\/portal1\/wp-content\/uploads\/2026\/01\/PXL_20251219_113903242-Unai-Arevalo-Corredera-1024x576.jpg\" alt=\"\" class=\"wp-image-5550\" srcset=\"https:\/\/garraldakozonaldea.educacion.navarra.es\/portal1\/wp-content\/uploads\/2026\/01\/PXL_20251219_113903242-Unai-Arevalo-Corredera-1024x576.jpg 1024w, https:\/\/garraldakozonaldea.educacion.navarra.es\/portal1\/wp-content\/uploads\/2026\/01\/PXL_20251219_113903242-Unai-Arevalo-Corredera-300x169.jpg 300w, https:\/\/garraldakozonaldea.educacion.navarra.es\/portal1\/wp-content\/uploads\/2026\/01\/PXL_20251219_113903242-Unai-Arevalo-Corredera-768x432.jpg 768w, https:\/\/garraldakozonaldea.educacion.navarra.es\/portal1\/wp-content\/uploads\/2026\/01\/PXL_20251219_113903242-Unai-Arevalo-Corredera-1536x864.jpg 1536w, https:\/\/garraldakozonaldea.educacion.navarra.es\/portal1\/wp-content\/uploads\/2026\/01\/PXL_20251219_113903242-Unai-Arevalo-Corredera-2048x1152.jpg 2048w\" sizes=\"(max-width: 1024px) 100vw, 1024px\" \/><\/a><\/figure><\/figure>\n","protected":false},"excerpt":{"rendered":"<p>El 19 de diciembre de 2025 celebramos la Fiesta de Invierno en la escuela. Vinimos a las 9:00 de la ma\u00f1ana vestidos\/as de caseros\/as e hicimos unos talleres: just dance, euskal dantzak, pintura de caras y manualidades. A continuaci\u00f3n, a las 11:15 comimos el almuerzo y tambi\u00e9n casta\u00f1as asadas, \u00a1Estaban riqu\u00edsimas! Despu\u00e9s nos acercamos a [&hellip;]<\/p>\n","protected":false},"author":1,"featured_media":5561,"comment_status":"closed","ping_status":"closed","sticky":false,"template":"","format":"standard","meta":{"_genesis_hide_title":false,"_genesis_hide_breadcrumbs":false,"_genesis_hide_singular_image":false,"_genesis_hide_footer_widgets":false,"_genesis_custom_body_class":"","_genesis_custom_post_class":"","_genesis_layout":"","_links_to":"","_links_to_target":""},"categories":[29],"tags":[],"featured_image_src":"https:\/\/garraldakozonaldea.educacion.navarra.es\/portal1\/wp-content\/uploads\/2026\/01\/Postala_Ibai-Juamperez-Oroz-LH2_page-0001-600x400.jpg","featured_image_src_square":"https:\/\/garraldakozonaldea.educacion.navarra.es\/portal1\/wp-content\/uploads\/2026\/01\/Postala_Ibai-Juamperez-Oroz-LH2_page-0001-600x600.jpg","author_info":{"display_name":"Administrador","author_link":"https:\/\/garraldakozonaldea.educacion.navarra.es\/portal1\/es\/blog\/author\/admingarraldawp\/"},"_links":{"self":[{"href":"https:\/\/garraldakozonaldea.educacion.navarra.es\/portal1\/es\/wp-json\/wp\/v2\/posts\/5563"}],"collection":[{"href":"https:\/\/garraldakozonaldea.educacion.navarra.es\/portal1\/es\/wp-json\/wp\/v2\/posts"}],"about":[{"href":"https:\/\/garraldakozonaldea.educacion.navarra.es\/portal1\/es\/wp-json\/wp\/v2\/types\/post"}],"author":[{"embeddable":true,"href":"https:\/\/garraldakozonaldea.educacion.navarra.es\/portal1\/es\/wp-json\/wp\/v2\/users\/1"}],"replies":[{"embeddable":true,"href":"https:\/\/garraldakozonaldea.educacion.navarra.es\/portal1\/es\/wp-json\/wp\/v2\/comments?post=5563"}],"version-history":[{"count":1,"href":"https:\/\/garraldakozonaldea.educacion.navarra.es\/portal1\/es\/wp-json\/wp\/v2\/posts\/5563\/revisions"}],"predecessor-version":[{"id":5564,"href":"https:\/\/garraldakozonaldea.educacion.navarra.es\/portal1\/es\/wp-json\/wp\/v2\/posts\/5563\/revisions\/5564"}],"wp:featuredmedia":[{"embeddable":true,"href":"https:\/\/garraldakozonaldea.educacion.navarra.es\/portal1\/es\/wp-json\/wp\/v2\/media\/5561"}],"wp:attachment":[{"href":"https:\/\/garraldakozonaldea.educacion.navarra.es\/portal1\/es\/wp-json\/wp\/v2\/media?parent=5563"}],"wp:term":[{"taxonomy":"category","embeddable":true,"href":"https:\/\/garraldakozonaldea.educacion.navarra.es\/portal1\/es\/wp-json\/wp\/v2\/categories?post=5563"},{"taxonomy":"post_tag","embeddable":true,"href":"https:\/\/garraldakozonaldea.educacion.navarra.es\/portal1\/es\/wp-json\/wp\/v2\/tags?post=5563"}],"curies":[{"name":"wp","href":"https:\/\/api.w.org\/{rel}","templated":true}]}}