{"id":5527,"date":"2025-12-02T13:06:00","date_gmt":"2025-12-02T12:06:00","guid":{"rendered":"https:\/\/garraldakozonaldea.educacion.navarra.es\/portal1\/blog\/2025\/12\/12\/euskararen-eguna\/"},"modified":"2025-12-12T13:07:25","modified_gmt":"2025-12-12T12:07:25","slug":"euskararen-eguna","status":"publish","type":"post","link":"https:\/\/garraldakozonaldea.educacion.navarra.es\/portal1\/es\/blog\/2025\/12\/02\/euskararen-eguna\/","title":{"rendered":"Euskararen eguna"},"content":{"rendered":"\n<p>El pasado 4 de diciembre, como todos los a\u00f1os, celebramos el d\u00eda del euskera en la escuela de Garralda.<\/p>\n\n<p>Al llegar a la escuela, cada grupo vimos una pel\u00edcula en nuestra clase. Despu\u00e9s nos mezclamos alumnos y alumnas de diferentes edades y disfrutamos de diferentes din\u00e1micas. Estas din\u00e1micas fueron el taller de palabras (mural), el deporte rural, el taller de deportistas de la zona y el taller en torno al Aezkera. Al finalizar estas din\u00e1micas nos juntamos todos\/as y celebramos el acto central. Cantamos la canci\u00f3n Kantu on bat de Janus Lester y comimos migas. Gracias a los cocineros y cocineras, \u00a1estaban buen\u00edsimas! Para terminar el d\u00eda, el alumnado de ESO disfrut\u00f3 del baile en la pista.&#13;\n<\/p>\n\n<p>Fue un d\u00eda maravilloso y uno de los objetivos m\u00e1s importantes de la escuela estuvo presente durante toda la ma\u00f1ana. \u00a1En Garralda queremos vivir y educar en euskera!<\/p>\n\n<p>Queremos agradecer especialmente a Ion Retegi y Maider Ardanaz por acercar las diferentes modalidades de pelota a nuestros txikis y a Edurne Bidador por preparar los juegos de palabras en Aezkera. Tambi\u00e9n queremos agradecer a Javi Antxo y Alejandro Belzunce su colaboraci\u00f3n en la log\u00edstica de la preparaci\u00f3n de las migas.<\/p>\n\n<div class=\"wp-block-columns\">\n<div class=\"wp-block-column\" style=\"flex-basis:100%\">\n<figure class=\"wp-block-gallery has-nested-images columns-default is-cropped\">\n<figure class=\"wp-block-image size-large\"><a href=\"https:\/\/garraldakozonaldea.educacion.navarra.es\/portal1\/wp-content\/uploads\/2025\/12\/Foto-de-Mikel-Beltza-Mikel-Beltza-Saez-1-scaled.jpg\"><img loading=\"lazy\" width=\"1024\" height=\"410\" src=\"https:\/\/garraldakozonaldea.educacion.navarra.es\/portal1\/wp-content\/uploads\/2025\/12\/Foto-de-Mikel-Beltza-Mikel-Beltza-Saez-1-1024x410.jpg\" alt=\"\" class=\"wp-image-5512\" srcset=\"https:\/\/garraldakozonaldea.educacion.navarra.es\/portal1\/wp-content\/uploads\/2025\/12\/Foto-de-Mikel-Beltza-Mikel-Beltza-Saez-1-1024x410.jpg 1024w, https:\/\/garraldakozonaldea.educacion.navarra.es\/portal1\/wp-content\/uploads\/2025\/12\/Foto-de-Mikel-Beltza-Mikel-Beltza-Saez-1-300x120.jpg 300w, https:\/\/garraldakozonaldea.educacion.navarra.es\/portal1\/wp-content\/uploads\/2025\/12\/Foto-de-Mikel-Beltza-Mikel-Beltza-Saez-1-768x307.jpg 768w, https:\/\/garraldakozonaldea.educacion.navarra.es\/portal1\/wp-content\/uploads\/2025\/12\/Foto-de-Mikel-Beltza-Mikel-Beltza-Saez-1-1536x615.jpg 1536w, https:\/\/garraldakozonaldea.educacion.navarra.es\/portal1\/wp-content\/uploads\/2025\/12\/Foto-de-Mikel-Beltza-Mikel-Beltza-Saez-1-2048x820.jpg 2048w\" sizes=\"(max-width: 1024px) 100vw, 1024px\" \/><\/a><\/figure>\n\n\n<figure class=\"wp-block-image size-large\"><a href=\"https:\/\/garraldakozonaldea.educacion.navarra.es\/portal1\/wp-content\/uploads\/2025\/12\/Copia-de-Foto-de-Mikel-Beltza-Mikel-Beltza-Saez-1.jpg\"><img loading=\"lazy\" width=\"736\" height=\"1024\" src=\"https:\/\/garraldakozonaldea.educacion.navarra.es\/portal1\/wp-content\/uploads\/2025\/12\/Copia-de-Foto-de-Mikel-Beltza-Mikel-Beltza-Saez-1-736x1024.jpg\" alt=\"\" class=\"wp-image-5509\" srcset=\"https:\/\/garraldakozonaldea.educacion.navarra.es\/portal1\/wp-content\/uploads\/2025\/12\/Copia-de-Foto-de-Mikel-Beltza-Mikel-Beltza-Saez-1-736x1024.jpg 736w, https:\/\/garraldakozonaldea.educacion.navarra.es\/portal1\/wp-content\/uploads\/2025\/12\/Copia-de-Foto-de-Mikel-Beltza-Mikel-Beltza-Saez-1-216x300.jpg 216w, https:\/\/garraldakozonaldea.educacion.navarra.es\/portal1\/wp-content\/uploads\/2025\/12\/Copia-de-Foto-de-Mikel-Beltza-Mikel-Beltza-Saez-1-768x1069.jpg 768w, https:\/\/garraldakozonaldea.educacion.navarra.es\/portal1\/wp-content\/uploads\/2025\/12\/Copia-de-Foto-de-Mikel-Beltza-Mikel-Beltza-Saez-1-1104x1536.jpg 1104w, https:\/\/garraldakozonaldea.educacion.navarra.es\/portal1\/wp-content\/uploads\/2025\/12\/Copia-de-Foto-de-Mikel-Beltza-Mikel-Beltza-Saez-1.jpg 1150w\" sizes=\"(max-width: 736px) 100vw, 736px\" \/><\/a><\/figure>\n\n\n<figure class=\"wp-block-image size-large\"><a href=\"https:\/\/garraldakozonaldea.educacion.navarra.es\/portal1\/wp-content\/uploads\/2025\/12\/Copia-de-Foto-de-Mikel-Beltza-Mikel-Beltza-Saez-768x1024.jpg\"><img loading=\"lazy\" width=\"768\" height=\"1024\" src=\"https:\/\/garraldakozonaldea.educacion.navarra.es\/portal1\/wp-content\/uploads\/2025\/12\/Copia-de-Foto-de-Mikel-Beltza-Mikel-Beltza-Saez-768x1024.jpg\" alt=\"\" class=\"wp-image-5510\" srcset=\"https:\/\/garraldakozonaldea.educacion.navarra.es\/portal1\/wp-content\/uploads\/2025\/12\/Copia-de-Foto-de-Mikel-Beltza-Mikel-Beltza-Saez-768x1024.jpg 768w, https:\/\/garraldakozonaldea.educacion.navarra.es\/portal1\/wp-content\/uploads\/2025\/12\/Copia-de-Foto-de-Mikel-Beltza-Mikel-Beltza-Saez-225x300.jpg 225w, https:\/\/garraldakozonaldea.educacion.navarra.es\/portal1\/wp-content\/uploads\/2025\/12\/Copia-de-Foto-de-Mikel-Beltza-Mikel-Beltza-Saez-1152x1536.jpg 1152w, https:\/\/garraldakozonaldea.educacion.navarra.es\/portal1\/wp-content\/uploads\/2025\/12\/Copia-de-Foto-de-Mikel-Beltza-Mikel-Beltza-Saez.jpg 1200w\" sizes=\"(max-width: 768px) 100vw, 768px\" \/><\/a><\/figure>\n\n\n<figure class=\"wp-block-image size-large\"><a href=\"https:\/\/garraldakozonaldea.educacion.navarra.es\/portal1\/wp-content\/uploads\/2025\/12\/Foto-de-Mikel-Beltza-Mikel-Beltza-Saez-2-1024x768.jpg\"><img loading=\"lazy\" width=\"1024\" height=\"768\" src=\"https:\/\/garraldakozonaldea.educacion.navarra.es\/portal1\/wp-content\/uploads\/2025\/12\/Foto-de-Mikel-Beltza-Mikel-Beltza-Saez-2-1024x768.jpg\" alt=\"\" class=\"wp-image-5514\" srcset=\"https:\/\/garraldakozonaldea.educacion.navarra.es\/portal1\/wp-content\/uploads\/2025\/12\/Foto-de-Mikel-Beltza-Mikel-Beltza-Saez-2-1024x768.jpg 1024w, https:\/\/garraldakozonaldea.educacion.navarra.es\/portal1\/wp-content\/uploads\/2025\/12\/Foto-de-Mikel-Beltza-Mikel-Beltza-Saez-2-300x225.jpg 300w, https:\/\/garraldakozonaldea.educacion.navarra.es\/portal1\/wp-content\/uploads\/2025\/12\/Foto-de-Mikel-Beltza-Mikel-Beltza-Saez-2-768x576.jpg 768w, https:\/\/garraldakozonaldea.educacion.navarra.es\/portal1\/wp-content\/uploads\/2025\/12\/Foto-de-Mikel-Beltza-Mikel-Beltza-Saez-2-1536x1152.jpg 1536w, https:\/\/garraldakozonaldea.educacion.navarra.es\/portal1\/wp-content\/uploads\/2025\/12\/Foto-de-Mikel-Beltza-Mikel-Beltza-Saez-2.jpg 1600w\" sizes=\"(max-width: 1024px) 100vw, 1024px\" \/><\/a><\/figure>\n\n\n<figure class=\"wp-block-image size-large\"><a href=\"https:\/\/garraldakozonaldea.educacion.navarra.es\/portal1\/wp-content\/uploads\/2025\/12\/Foto-de-Mikel-Beltza-Mikel-Beltza-Saez-3-scaled.jpg\"><img loading=\"lazy\" width=\"1024\" height=\"1024\" src=\"https:\/\/garraldakozonaldea.educacion.navarra.es\/portal1\/wp-content\/uploads\/2025\/12\/Foto-de-Mikel-Beltza-Mikel-Beltza-Saez-3-1024x1024.jpg\" alt=\"\" class=\"wp-image-5518\" srcset=\"https:\/\/garraldakozonaldea.educacion.navarra.es\/portal1\/wp-content\/uploads\/2025\/12\/Foto-de-Mikel-Beltza-Mikel-Beltza-Saez-3-1024x1024.jpg 1024w, https:\/\/garraldakozonaldea.educacion.navarra.es\/portal1\/wp-content\/uploads\/2025\/12\/Foto-de-Mikel-Beltza-Mikel-Beltza-Saez-3-300x300.jpg 300w, https:\/\/garraldakozonaldea.educacion.navarra.es\/portal1\/wp-content\/uploads\/2025\/12\/Foto-de-Mikel-Beltza-Mikel-Beltza-Saez-3-150x150.jpg 150w, https:\/\/garraldakozonaldea.educacion.navarra.es\/portal1\/wp-content\/uploads\/2025\/12\/Foto-de-Mikel-Beltza-Mikel-Beltza-Saez-3-768x768.jpg 768w, https:\/\/garraldakozonaldea.educacion.navarra.es\/portal1\/wp-content\/uploads\/2025\/12\/Foto-de-Mikel-Beltza-Mikel-Beltza-Saez-3-1536x1536.jpg 1536w, https:\/\/garraldakozonaldea.educacion.navarra.es\/portal1\/wp-content\/uploads\/2025\/12\/Foto-de-Mikel-Beltza-Mikel-Beltza-Saez-3-2048x2048.jpg 2048w, https:\/\/garraldakozonaldea.educacion.navarra.es\/portal1\/wp-content\/uploads\/2025\/12\/Foto-de-Mikel-Beltza-Mikel-Beltza-Saez-3-600x600.jpg 600w\" sizes=\"(max-width: 1024px) 100vw, 1024px\" \/><\/a><\/figure>\n\n\n<figure class=\"wp-block-image size-large\"><a href=\"https:\/\/garraldakozonaldea.educacion.navarra.es\/portal1\/wp-content\/uploads\/2025\/12\/Foto-de-Mikel-Beltza-Mikel-Beltza-Saez-4-1024x771.jpg\"><img loading=\"lazy\" width=\"1024\" height=\"771\" src=\"https:\/\/garraldakozonaldea.educacion.navarra.es\/portal1\/wp-content\/uploads\/2025\/12\/Foto-de-Mikel-Beltza-Mikel-Beltza-Saez-4-1024x771.jpg\" alt=\"\" class=\"wp-image-5516\" srcset=\"https:\/\/garraldakozonaldea.educacion.navarra.es\/portal1\/wp-content\/uploads\/2025\/12\/Foto-de-Mikel-Beltza-Mikel-Beltza-Saez-4-1024x771.jpg 1024w, https:\/\/garraldakozonaldea.educacion.navarra.es\/portal1\/wp-content\/uploads\/2025\/12\/Foto-de-Mikel-Beltza-Mikel-Beltza-Saez-4-300x226.jpg 300w, https:\/\/garraldakozonaldea.educacion.navarra.es\/portal1\/wp-content\/uploads\/2025\/12\/Foto-de-Mikel-Beltza-Mikel-Beltza-Saez-4-768x578.jpg 768w, https:\/\/garraldakozonaldea.educacion.navarra.es\/portal1\/wp-content\/uploads\/2025\/12\/Foto-de-Mikel-Beltza-Mikel-Beltza-Saez-4-1536x1157.jpg 1536w, https:\/\/garraldakozonaldea.educacion.navarra.es\/portal1\/wp-content\/uploads\/2025\/12\/Foto-de-Mikel-Beltza-Mikel-Beltza-Saez-4.jpg 2040w\" sizes=\"(max-width: 1024px) 100vw, 1024px\" \/><\/a><\/figure>\n\n\n<figure class=\"wp-block-image size-large\"><a href=\"https:\/\/garraldakozonaldea.educacion.navarra.es\/portal1\/wp-content\/uploads\/2025\/12\/Copia-de-Foto-de-Mikel-Beltza-Mikel-Beltza-Saez-2-scaled.jpg\"><img loading=\"lazy\" width=\"1024\" height=\"768\" src=\"https:\/\/garraldakozonaldea.educacion.navarra.es\/portal1\/wp-content\/uploads\/2025\/12\/Copia-de-Foto-de-Mikel-Beltza-Mikel-Beltza-Saez-2-1024x768.jpg\" alt=\"\" class=\"wp-image-5522\" srcset=\"https:\/\/garraldakozonaldea.educacion.navarra.es\/portal1\/wp-content\/uploads\/2025\/12\/Copia-de-Foto-de-Mikel-Beltza-Mikel-Beltza-Saez-2-1024x768.jpg 1024w, https:\/\/garraldakozonaldea.educacion.navarra.es\/portal1\/wp-content\/uploads\/2025\/12\/Copia-de-Foto-de-Mikel-Beltza-Mikel-Beltza-Saez-2-300x225.jpg 300w, https:\/\/garraldakozonaldea.educacion.navarra.es\/portal1\/wp-content\/uploads\/2025\/12\/Copia-de-Foto-de-Mikel-Beltza-Mikel-Beltza-Saez-2-768x576.jpg 768w, https:\/\/garraldakozonaldea.educacion.navarra.es\/portal1\/wp-content\/uploads\/2025\/12\/Copia-de-Foto-de-Mikel-Beltza-Mikel-Beltza-Saez-2-1536x1152.jpg 1536w, https:\/\/garraldakozonaldea.educacion.navarra.es\/portal1\/wp-content\/uploads\/2025\/12\/Copia-de-Foto-de-Mikel-Beltza-Mikel-Beltza-Saez-2-2048x1536.jpg 2048w\" sizes=\"(max-width: 1024px) 100vw, 1024px\" \/><\/a><\/figure>\n\n\n<figure class=\"wp-block-image size-large\"><a href=\"https:\/\/garraldakozonaldea.educacion.navarra.es\/portal1\/wp-content\/uploads\/2025\/12\/Foto-de-Mikel-Beltza-Mikel-Beltza-Saez-5-1024x472.jpg\"><img loading=\"lazy\" width=\"1024\" height=\"472\" src=\"https:\/\/garraldakozonaldea.educacion.navarra.es\/portal1\/wp-content\/uploads\/2025\/12\/Foto-de-Mikel-Beltza-Mikel-Beltza-Saez-5-1024x472.jpg\" alt=\"\" class=\"wp-image-5520\" srcset=\"https:\/\/garraldakozonaldea.educacion.navarra.es\/portal1\/wp-content\/uploads\/2025\/12\/Foto-de-Mikel-Beltza-Mikel-Beltza-Saez-5-1024x472.jpg 1024w, https:\/\/garraldakozonaldea.educacion.navarra.es\/portal1\/wp-content\/uploads\/2025\/12\/Foto-de-Mikel-Beltza-Mikel-Beltza-Saez-5-300x138.jpg 300w, https:\/\/garraldakozonaldea.educacion.navarra.es\/portal1\/wp-content\/uploads\/2025\/12\/Foto-de-Mikel-Beltza-Mikel-Beltza-Saez-5-768x354.jpg 768w, https:\/\/garraldakozonaldea.educacion.navarra.es\/portal1\/wp-content\/uploads\/2025\/12\/Foto-de-Mikel-Beltza-Mikel-Beltza-Saez-5-1536x708.jpg 1536w, https:\/\/garraldakozonaldea.educacion.navarra.es\/portal1\/wp-content\/uploads\/2025\/12\/Foto-de-Mikel-Beltza-Mikel-Beltza-Saez-5.jpg 2000w\" sizes=\"(max-width: 1024px) 100vw, 1024px\" \/><\/a><\/figure>\n\n\n<figure class=\"wp-block-image size-large\"><a href=\"https:\/\/garraldakozonaldea.educacion.navarra.es\/portal1\/wp-content\/uploads\/2025\/12\/Foto-de-Mikel-Beltza-Mikel-Beltza-Saez-1024x768.jpg\"><img loading=\"lazy\" width=\"1024\" height=\"768\" src=\"https:\/\/garraldakozonaldea.educacion.navarra.es\/portal1\/wp-content\/uploads\/2025\/12\/Foto-de-Mikel-Beltza-Mikel-Beltza-Saez-1024x768.jpg\" alt=\"\" class=\"wp-image-5524\" srcset=\"https:\/\/garraldakozonaldea.educacion.navarra.es\/portal1\/wp-content\/uploads\/2025\/12\/Foto-de-Mikel-Beltza-Mikel-Beltza-Saez-1024x768.jpg 1024w, https:\/\/garraldakozonaldea.educacion.navarra.es\/portal1\/wp-content\/uploads\/2025\/12\/Foto-de-Mikel-Beltza-Mikel-Beltza-Saez-300x225.jpg 300w, https:\/\/garraldakozonaldea.educacion.navarra.es\/portal1\/wp-content\/uploads\/2025\/12\/Foto-de-Mikel-Beltza-Mikel-Beltza-Saez-768x576.jpg 768w, https:\/\/garraldakozonaldea.educacion.navarra.es\/portal1\/wp-content\/uploads\/2025\/12\/Foto-de-Mikel-Beltza-Mikel-Beltza-Saez-1536x1152.jpg 1536w, https:\/\/garraldakozonaldea.educacion.navarra.es\/portal1\/wp-content\/uploads\/2025\/12\/Foto-de-Mikel-Beltza-Mikel-Beltza-Saez.jpg 2048w\" sizes=\"(max-width: 1024px) 100vw, 1024px\" \/><\/a><\/figure><\/figure>\n<\/div>\n<\/div>\n\n<p><\/p>\n","protected":false},"excerpt":{"rendered":"<p>El pasado 4 de diciembre, como todos los a\u00f1os, celebramos el d\u00eda del euskera en la escuela de Garralda. Al llegar a la escuela, cada grupo vimos una pel\u00edcula en nuestra clase. Despu\u00e9s nos mezclamos alumnos y alumnas de diferentes edades y disfrutamos de diferentes din\u00e1micas. Estas din\u00e1micas fueron el taller de palabras (mural), el [&hellip;]<\/p>\n","protected":false},"author":1,"featured_media":5525,"comment_status":"closed","ping_status":"closed","sticky":false,"template":"","format":"standard","meta":{"_genesis_hide_title":false,"_genesis_hide_breadcrumbs":false,"_genesis_hide_singular_image":false,"_genesis_hide_footer_widgets":false,"_genesis_custom_body_class":"","_genesis_custom_post_class":"","_genesis_layout":"","_links_to":"","_links_to_target":""},"categories":[29],"tags":[],"featured_image_src":"https:\/\/garraldakozonaldea.educacion.navarra.es\/portal1\/wp-content\/uploads\/2025\/12\/Foto-de-Mikel-Beltza-Mikel-Beltza-Saez-600x400.jpg","featured_image_src_square":"https:\/\/garraldakozonaldea.educacion.navarra.es\/portal1\/wp-content\/uploads\/2025\/12\/Foto-de-Mikel-Beltza-Mikel-Beltza-Saez-600x600.jpg","author_info":{"display_name":"Administrador","author_link":"https:\/\/garraldakozonaldea.educacion.navarra.es\/portal1\/es\/blog\/author\/admingarraldawp\/"},"_links":{"self":[{"href":"https:\/\/garraldakozonaldea.educacion.navarra.es\/portal1\/es\/wp-json\/wp\/v2\/posts\/5527"}],"collection":[{"href":"https:\/\/garraldakozonaldea.educacion.navarra.es\/portal1\/es\/wp-json\/wp\/v2\/posts"}],"about":[{"href":"https:\/\/garraldakozonaldea.educacion.navarra.es\/portal1\/es\/wp-json\/wp\/v2\/types\/post"}],"author":[{"embeddable":true,"href":"https:\/\/garraldakozonaldea.educacion.navarra.es\/portal1\/es\/wp-json\/wp\/v2\/users\/1"}],"replies":[{"embeddable":true,"href":"https:\/\/garraldakozonaldea.educacion.navarra.es\/portal1\/es\/wp-json\/wp\/v2\/comments?post=5527"}],"version-history":[{"count":2,"href":"https:\/\/garraldakozonaldea.educacion.navarra.es\/portal1\/es\/wp-json\/wp\/v2\/posts\/5527\/revisions"}],"predecessor-version":[{"id":5529,"href":"https:\/\/garraldakozonaldea.educacion.navarra.es\/portal1\/es\/wp-json\/wp\/v2\/posts\/5527\/revisions\/5529"}],"wp:featuredmedia":[{"embeddable":true,"href":"https:\/\/garraldakozonaldea.educacion.navarra.es\/portal1\/es\/wp-json\/wp\/v2\/media\/5525"}],"wp:attachment":[{"href":"https:\/\/garraldakozonaldea.educacion.navarra.es\/portal1\/es\/wp-json\/wp\/v2\/media?parent=5527"}],"wp:term":[{"taxonomy":"category","embeddable":true,"href":"https:\/\/garraldakozonaldea.educacion.navarra.es\/portal1\/es\/wp-json\/wp\/v2\/categories?post=5527"},{"taxonomy":"post_tag","embeddable":true,"href":"https:\/\/garraldakozonaldea.educacion.navarra.es\/portal1\/es\/wp-json\/wp\/v2\/tags?post=5527"}],"curies":[{"name":"wp","href":"https:\/\/api.w.org\/{rel}","templated":true}]}}