{"id":5470,"date":"2025-11-27T12:28:39","date_gmt":"2025-11-27T11:28:39","guid":{"rendered":"https:\/\/garraldakozonaldea.educacion.navarra.es\/portal1\/?p=5470"},"modified":"2025-12-12T12:31:57","modified_gmt":"2025-12-12T11:31:57","slug":"25-de-noviembre-3","status":"publish","type":"post","link":"https:\/\/garraldakozonaldea.educacion.navarra.es\/portal1\/es\/blog\/2025\/11\/27\/25-de-noviembre-3\/","title":{"rendered":"25 de noviembre"},"content":{"rendered":"\n<p>El pasado 25 de noviembre realizamos varias actividades en torno al d\u00eda contra la violencia de g\u00e9nero. Trabajar los cuentos cl\u00e1sicos desde una perspectiva de g\u00e9nero y recortar manos moradas para  escribir en ellas mensajes contra la violencia machista. Por \u00faltimo, con esas manos hicimos un mosaico gigante.<\/p>\n\n\n\n<figure class=\"wp-block-image size-large\"><a href=\"https:\/\/garraldakozonaldea.educacion.navarra.es\/portal1\/wp-content\/uploads\/2025\/12\/dji_fly_20251125_112254_279_1764066184810_photo_optimized-Ivan-Gomez-Urtasun-1-scaled.jpg\"><img loading=\"lazy\" width=\"1024\" height=\"576\" src=\"https:\/\/garraldakozonaldea.educacion.navarra.es\/portal1\/wp-content\/uploads\/2025\/12\/dji_fly_20251125_112254_279_1764066184810_photo_optimized-Ivan-Gomez-Urtasun-1-1024x576.jpg\" alt=\"\" class=\"wp-image-5467\" srcset=\"https:\/\/garraldakozonaldea.educacion.navarra.es\/portal1\/wp-content\/uploads\/2025\/12\/dji_fly_20251125_112254_279_1764066184810_photo_optimized-Ivan-Gomez-Urtasun-1-1024x576.jpg 1024w, https:\/\/garraldakozonaldea.educacion.navarra.es\/portal1\/wp-content\/uploads\/2025\/12\/dji_fly_20251125_112254_279_1764066184810_photo_optimized-Ivan-Gomez-Urtasun-1-300x169.jpg 300w, https:\/\/garraldakozonaldea.educacion.navarra.es\/portal1\/wp-content\/uploads\/2025\/12\/dji_fly_20251125_112254_279_1764066184810_photo_optimized-Ivan-Gomez-Urtasun-1-768x432.jpg 768w, https:\/\/garraldakozonaldea.educacion.navarra.es\/portal1\/wp-content\/uploads\/2025\/12\/dji_fly_20251125_112254_279_1764066184810_photo_optimized-Ivan-Gomez-Urtasun-1-1536x864.jpg 1536w, https:\/\/garraldakozonaldea.educacion.navarra.es\/portal1\/wp-content\/uploads\/2025\/12\/dji_fly_20251125_112254_279_1764066184810_photo_optimized-Ivan-Gomez-Urtasun-1-2048x1152.jpg 2048w\" sizes=\"(max-width: 1024px) 100vw, 1024px\" \/><\/a><\/figure>\n\n\n\n<hr class=\"wp-block-separator\"\/>\n\n\n\n<div class=\"wp-container-1 wp-block-buttons\">\n<div class=\"wp-block-button\"><a class=\"wp-block-button__link\" href=\"https:\/\/drive.google.com\/file\/d\/1wT2_P2DehcLlDduVuEtBxKGxVKi0j4Ah\/view?usp=sharing\" target=\"_blank\" rel=\"noreferrer noopener\">25 NOVIEMBRE &#8211; VIDEO<\/a><\/div>\n<\/div>\n","protected":false},"excerpt":{"rendered":"<p>El pasado 25 de noviembre realizamos varias actividades en torno al d\u00eda contra la violencia de g\u00e9nero. Trabajar los cuentos cl\u00e1sicos desde una perspectiva de g\u00e9nero y recortar manos moradas para escribir en ellas mensajes contra la violencia machista. Por \u00faltimo, con esas manos hicimos un mosaico gigante.<\/p>\n","protected":false},"author":1,"featured_media":5468,"comment_status":"closed","ping_status":"closed","sticky":false,"template":"","format":"standard","meta":{"_genesis_hide_title":false,"_genesis_hide_breadcrumbs":false,"_genesis_hide_singular_image":false,"_genesis_hide_footer_widgets":false,"_genesis_custom_body_class":"","_genesis_custom_post_class":"","_genesis_layout":"","_links_to":"","_links_to_target":""},"categories":[29],"tags":[],"featured_image_src":"https:\/\/garraldakozonaldea.educacion.navarra.es\/portal1\/wp-content\/uploads\/2025\/12\/dji_fly_20251125_112254_279_1764066184810_photo_optimized-Ivan-Gomez-Urtasun-1-600x400.jpg","featured_image_src_square":"https:\/\/garraldakozonaldea.educacion.navarra.es\/portal1\/wp-content\/uploads\/2025\/12\/dji_fly_20251125_112254_279_1764066184810_photo_optimized-Ivan-Gomez-Urtasun-1-600x600.jpg","author_info":{"display_name":"Administrador","author_link":"https:\/\/garraldakozonaldea.educacion.navarra.es\/portal1\/es\/blog\/author\/admingarraldawp\/"},"_links":{"self":[{"href":"https:\/\/garraldakozonaldea.educacion.navarra.es\/portal1\/es\/wp-json\/wp\/v2\/posts\/5470"}],"collection":[{"href":"https:\/\/garraldakozonaldea.educacion.navarra.es\/portal1\/es\/wp-json\/wp\/v2\/posts"}],"about":[{"href":"https:\/\/garraldakozonaldea.educacion.navarra.es\/portal1\/es\/wp-json\/wp\/v2\/types\/post"}],"author":[{"embeddable":true,"href":"https:\/\/garraldakozonaldea.educacion.navarra.es\/portal1\/es\/wp-json\/wp\/v2\/users\/1"}],"replies":[{"embeddable":true,"href":"https:\/\/garraldakozonaldea.educacion.navarra.es\/portal1\/es\/wp-json\/wp\/v2\/comments?post=5470"}],"version-history":[{"count":4,"href":"https:\/\/garraldakozonaldea.educacion.navarra.es\/portal1\/es\/wp-json\/wp\/v2\/posts\/5470\/revisions"}],"predecessor-version":[{"id":5498,"href":"https:\/\/garraldakozonaldea.educacion.navarra.es\/portal1\/es\/wp-json\/wp\/v2\/posts\/5470\/revisions\/5498"}],"wp:featuredmedia":[{"embeddable":true,"href":"https:\/\/garraldakozonaldea.educacion.navarra.es\/portal1\/es\/wp-json\/wp\/v2\/media\/5468"}],"wp:attachment":[{"href":"https:\/\/garraldakozonaldea.educacion.navarra.es\/portal1\/es\/wp-json\/wp\/v2\/media?parent=5470"}],"wp:term":[{"taxonomy":"category","embeddable":true,"href":"https:\/\/garraldakozonaldea.educacion.navarra.es\/portal1\/es\/wp-json\/wp\/v2\/categories?post=5470"},{"taxonomy":"post_tag","embeddable":true,"href":"https:\/\/garraldakozonaldea.educacion.navarra.es\/portal1\/es\/wp-json\/wp\/v2\/tags?post=5470"}],"curies":[{"name":"wp","href":"https:\/\/api.w.org\/{rel}","templated":true}]}}