{"id":3596,"date":"2021-11-13T10:23:35","date_gmt":"2021-11-13T09:23:35","guid":{"rendered":"https:\/\/garraldakozonaldea.educacion.navarra.es\/portal1\/blog\/2021\/11\/13\/proyecto-jornada-continua\/"},"modified":"2021-11-24T12:01:35","modified_gmt":"2021-11-24T11:01:35","slug":"proyecto-jornada-continua","status":"publish","type":"post","link":"https:\/\/garraldakozonaldea.educacion.navarra.es\/portal1\/es\/blog\/2021\/11\/13\/proyecto-jornada-continua\/","title":{"rendered":"PROYECTO Jornada cont\u00ednua"},"content":{"rendered":"\n<p class=\"has-text-align-center\">En el Centro Escolar de Garralda tambi\u00e9n hemos preparado el proyecto para poder implantar la jornada cont\u00ednua<\/p>\n\n<p>Como tantas escuelas de Navarra, hemos preparado el proyecto de Jornada Continua y superado la primera y segunda fase del proceso (es decir, los procesos de votaci\u00f3n del claustro y del consejo escolar), y ahora es la hora de las familias. El 16 de noviembre habr\u00e1 reuni\u00f3n para tratar el tema de 15:00 a 16:00 para las familias de Infantil y Primaria y de 16:00 a 17:00 para las familias de ESO, siendo la votaci\u00f3n el 1 de diciembre.<\/p>\n\n<p>Aunque habr\u00e9is recibido el proyecto por correo electr\u00f3nico, aqu\u00ed tambi\u00e9n pod\u00e9is verlo.<\/p>\n\n<div class=\"wp-block-file\"><a href=\"https:\/\/garraldakozonaldea.educacion.navarra.es\/portal1\/wp-content\/uploads\/2021\/11\/GARRALDAKO-ESKOLADI-JARRAITUAREN-PROIEKTUA-eus.docx\">GARRALDAKO-ESKOLADI-JARRAITUAREN-PROIEKTUA-eus<\/a><a href=\"https:\/\/garraldakozonaldea.educacion.navarra.es\/portal1\/wp-content\/uploads\/2021\/11\/GARRALDAKO-ESKOLADI-JARRAITUAREN-PROIEKTUA-eus.docx\" class=\"wp-block-file__button\" download=\"\">Descarga<\/a><\/div>\n","protected":false},"excerpt":{"rendered":"<p>En el Centro Escolar de Garralda tambi\u00e9n hemos preparado el proyecto para poder implantar la jornada cont\u00ednua Como tantas escuelas de Navarra, hemos preparado el proyecto de Jornada Continua y superado la primera y segunda fase del proceso (es decir, los procesos de votaci\u00f3n del claustro y del consejo escolar), y ahora es la hora [&hellip;]<\/p>\n","protected":false},"author":1,"featured_media":3269,"comment_status":"closed","ping_status":"closed","sticky":false,"template":"","format":"standard","meta":{"_genesis_hide_title":false,"_genesis_hide_breadcrumbs":false,"_genesis_hide_singular_image":false,"_genesis_hide_footer_widgets":false,"_genesis_custom_body_class":"","_genesis_custom_post_class":"","_genesis_layout":"","_links_to":"","_links_to_target":""},"categories":[29],"tags":[],"featured_image_src":"https:\/\/garraldakozonaldea.educacion.navarra.es\/portal1\/wp-content\/uploads\/2021\/02\/paper-3033204_1280-600x400.jpg","featured_image_src_square":"https:\/\/garraldakozonaldea.educacion.navarra.es\/portal1\/wp-content\/uploads\/2021\/02\/paper-3033204_1280-600x600.jpg","author_info":{"display_name":"Administrador","author_link":"https:\/\/garraldakozonaldea.educacion.navarra.es\/portal1\/es\/blog\/author\/admingarraldawp\/"},"_links":{"self":[{"href":"https:\/\/garraldakozonaldea.educacion.navarra.es\/portal1\/es\/wp-json\/wp\/v2\/posts\/3596"}],"collection":[{"href":"https:\/\/garraldakozonaldea.educacion.navarra.es\/portal1\/es\/wp-json\/wp\/v2\/posts"}],"about":[{"href":"https:\/\/garraldakozonaldea.educacion.navarra.es\/portal1\/es\/wp-json\/wp\/v2\/types\/post"}],"author":[{"embeddable":true,"href":"https:\/\/garraldakozonaldea.educacion.navarra.es\/portal1\/es\/wp-json\/wp\/v2\/users\/1"}],"replies":[{"embeddable":true,"href":"https:\/\/garraldakozonaldea.educacion.navarra.es\/portal1\/es\/wp-json\/wp\/v2\/comments?post=3596"}],"version-history":[{"count":2,"href":"https:\/\/garraldakozonaldea.educacion.navarra.es\/portal1\/es\/wp-json\/wp\/v2\/posts\/3596\/revisions"}],"predecessor-version":[{"id":3623,"href":"https:\/\/garraldakozonaldea.educacion.navarra.es\/portal1\/es\/wp-json\/wp\/v2\/posts\/3596\/revisions\/3623"}],"wp:featuredmedia":[{"embeddable":true,"href":"https:\/\/garraldakozonaldea.educacion.navarra.es\/portal1\/es\/wp-json\/wp\/v2\/media\/3269"}],"wp:attachment":[{"href":"https:\/\/garraldakozonaldea.educacion.navarra.es\/portal1\/es\/wp-json\/wp\/v2\/media?parent=3596"}],"wp:term":[{"taxonomy":"category","embeddable":true,"href":"https:\/\/garraldakozonaldea.educacion.navarra.es\/portal1\/es\/wp-json\/wp\/v2\/categories?post=3596"},{"taxonomy":"post_tag","embeddable":true,"href":"https:\/\/garraldakozonaldea.educacion.navarra.es\/portal1\/es\/wp-json\/wp\/v2\/tags?post=3596"}],"curies":[{"name":"wp","href":"https:\/\/api.w.org\/{rel}","templated":true}]}}